{"id":12308,"date":"2019-09-09T15:43:57","date_gmt":"2019-09-09T13:43:57","guid":{"rendered":"https:\/\/www.esosport.it\/esosport-run-deltager-ogsaa-i-mennea-day-den-12-september-i-matera\/"},"modified":"2019-09-09T15:43:57","modified_gmt":"2019-09-09T13:43:57","slug":"esosport-run-deltager-ogsaa-i-mennea-day-den-12-september-i-matera","status":"publish","type":"post","link":"https:\/\/www.esosport.it\/da\/esosport-run-deltager-ogsaa-i-mennea-day-den-12-september-i-matera\/","title":{"rendered":"Esosport run deltager ogs\u00e5 i Mennea Day den 12. september i Matera"},"content":{"rendered":"<p>Den 12. september vil v\u00e6re en uforglemmelig dag i italiensk og international atletikhistorie.<br \/>\nFor pr\u00e6cis fyrre \u00e5r siden satte den store sprinter <strong>Pietro Mennea<\/strong> under Universiaderne i Mexico City i &#8217;79 verdensrekord p\u00e5 200 meter med 19,72, en rekord der f\u00f8rst blev sl\u00e5et tyve \u00e5r senere.<\/p>\n<p>I forbindelse med <strong>arrangementerne for Matera 2019<\/strong>, Europas kulturhovedstad, bliver byen ogs\u00e5 hovedstad for italiensk atletik.<\/p>\n<p>Ud over at v\u00e6re v\u00e6rt for Det Italienske Atletikforbunds forbundsr\u00e5d bliver byen stedet for fejringen af <strong>Mennea Day 2019<\/strong>.<\/p>\n<p>Arrangementet, som har fundet sted i seks \u00e5r i alle st\u00f8rre italienske byer, vil i \u00e5r g\u00f8re Matera til centrum for en mindev\u00e6rdig begivenhed. I byens centrum vil der blive lagt en atletikbane, hvor alle unge atleter fra Puglia og Basilicata kan konkurrere i l\u00f8b. Arrangementet forts\u00e6tter p\u00e5 skolestadion Raffaele Duni i Matera.<br \/>\nMatera er den f\u00f8rste europ\u00e6iske kulturhovedstad med et sportsprogram. Og det, der sker i byen under Mennea Day, repr\u00e6senterer den sportsm\u00e6ssige arv, som ikke kun byen, men hele Syditalien vil nyde godt af efter den 20. december 2019.   <\/p>\n<p>Den 12. september vil hyldesten til det ekstraordin\u00e6re eksempel p\u00e5 sportskultur, som Pietro Mennea er, en stor atlet p\u00e5 banen og en stor forsker uden for den, med mere end \u00e9n universitetsgrad, ogs\u00e5 til minde om hans tid i Matera (han tr\u00e6nede ofte p\u00e5 atletikstadion i Stenenes By), med tiden fra OL-guldet i Moskva, 20&#8217;19&#8221;, som n\u00e6sten virkede profetisk, blive konkretiseret med \u00e5bningen af Biblioteket for Sportskultur opkaldt efter ham. Indvielsen er planlagt til kl. 19.<br \/>\nSportsb\u00f8ger, tekniske tekster leveret af forskellige forbund, prim\u00e6rt Fidal, men ogs\u00e5 specialeafhandlinger og forskningsprojekter om sport, udstillet for at bringe arbejdsverdenen og sportsverdenen t\u00e6ttere p\u00e5 mange unges passion: dette er den indledende ramme for Biblioteket for Sportskultur, som ogs\u00e5 vil pr\u00e6sentere en multimedietotem, der giver hver bes\u00f8gende mulighed for at l\u00e6re om Pietro Menneas bedrifter. <\/p>\n<p>Matera vil p\u00e5 denne dag ud over at v\u00e6re hovedstad for kultur og italiensk atletik ogs\u00e5 blive hovedstad for solidaritet.<br \/>\nEjeren af isbutikken &#8220;I vizi degli angeli&#8221; har valgt at st\u00f8tte projektet &#8220;En is for et smil&#8221;. Dette projekt er blevet realiseret af Mennea-fonden ved dr. Manuela Olivieri, hustru til den store Pietro Mennea, og ved Fidal Puglias ansvarlige for sociale projekter, dr. Raffaella Dianora.<br \/>\nDen 12. september kan du hos isbutikken &#8220;I vizi degli angeli&#8221;, et h\u00e5ndlavet isv\u00e6rksted p\u00e5 via Domenico Ridola 36, nyde en god is, hvis indt\u00e6gter g\u00e5r til foreningen for at st\u00f8tte behandling af b\u00f8rn med ansigtsdeformiteter, forbr\u00e6ndinger, krigstraumer og andre invaliderende sygdomme. Mennea-fonden st\u00f8tter takket v\u00e6re dr. Manuela Olivieri Emergenza Sorrisi.  <\/p>\n<p>Mennea Day vil ogs\u00e5 v\u00e6re dedikeret til <strong>milj\u00f8m\u00e6ssig<\/strong> <strong>b\u00e6redygtighed<\/strong> med tilstedev\u00e6relsen af projektet <strong>esosport run<\/strong>, takket v\u00e6re Fidal Puglias deltagelse: p\u00e5 Piazza Vittorio Veneto vil der blive placeret en ESObox esosport run, dedikeret til indsamling af udtjente sportsko, som vil blive genanvendt og omdannet til sekund\u00e6re r\u00e5materialer til nye projekter i den cirkul\u00e6re \u00f8konomis \u00e5nd.<\/p>\n<p>En aftale, der ikke m\u00e5 g\u00e5 glip af i byen Matera den 12. september.<\/p>\n","protected":false},"excerpt":{"rendered":"<p>Den 12. september vil v\u00e6re en uforglemmelig dag &hellip;<\/p>\n","protected":false},"author":5,"featured_media":12310,"comment_status":"closed","ping_status":"closed","sticky":false,"template":"","format":"standard","meta":{"_acf_changed":false,"footnotes":""},"categories":[294],"tags":[],"class_list":["post-12308","post","type-post","status-publish","format-standard","has-post-thumbnail","hentry","category-news-da"],"acf":[],"_links":{"self":[{"href":"https:\/\/www.esosport.it\/da\/wp-json\/wp\/v2\/posts\/12308","targetHints":{"allow":["GET"]}}],"collection":[{"href":"https:\/\/www.esosport.it\/da\/wp-json\/wp\/v2\/posts"}],"about":[{"href":"https:\/\/www.esosport.it\/da\/wp-json\/wp\/v2\/types\/post"}],"author":[{"embeddable":true,"href":"https:\/\/www.esosport.it\/da\/wp-json\/wp\/v2\/users\/5"}],"replies":[{"embeddable":true,"href":"https:\/\/www.esosport.it\/da\/wp-json\/wp\/v2\/comments?post=12308"}],"version-history":[{"count":0,"href":"https:\/\/www.esosport.it\/da\/wp-json\/wp\/v2\/posts\/12308\/revisions"}],"wp:featuredmedia":[{"embeddable":true,"href":"https:\/\/www.esosport.it\/da\/wp-json\/wp\/v2\/media\/12310"}],"wp:attachment":[{"href":"https:\/\/www.esosport.it\/da\/wp-json\/wp\/v2\/media?parent=12308"}],"wp:term":[{"taxonomy":"category","embeddable":true,"href":"https:\/\/www.esosport.it\/da\/wp-json\/wp\/v2\/categories?post=12308"},{"taxonomy":"post_tag","embeddable":true,"href":"https:\/\/www.esosport.it\/da\/wp-json\/wp\/v2\/tags?post=12308"}],"curies":[{"name":"wp","href":"https:\/\/api.w.org\/{rel}","templated":true}]}}