{"id":12325,"date":"2019-04-19T15:38:18","date_gmt":"2019-04-19T13:38:18","guid":{"rendered":"https:\/\/www.esosport.it\/cyklen-er-midlet-miljoeet-er-maalet-tursi-ny-praesident-for-fiab-i-fremtiden\/"},"modified":"2019-04-19T15:38:18","modified_gmt":"2019-04-19T13:38:18","slug":"cyklen-er-midlet-miljoeet-er-maalet-tursi-ny-praesident-for-fiab-i-fremtiden","status":"publish","type":"post","link":"https:\/\/www.esosport.it\/da\/cyklen-er-midlet-miljoeet-er-maalet-tursi-ny-praesident-for-fiab-i-fremtiden\/","title":{"rendered":"&#8220;Cyklen er midlet, milj\u00f8et er m\u00e5let&#8221;. Tursi ny pr\u00e6sident for Fiab i fremtiden"},"content":{"rendered":"<div>\n<p><img loading=\"lazy\" decoding=\"async\" class=\"alignleft wp-image-3075 size-medium\" src=\"https:\/\/www.esosport.it\/wp-content\/uploads\/2019\/04\/Tursi-Fiab-300x211.jpg\" alt=\"Publikum i salen under et arrangement\" width=\"300\" height=\"211\" title=\"\" srcset=\"https:\/\/www.esosport.it\/wp-content\/uploads\/2019\/04\/Tursi-Fiab-300x211.jpg 300w, https:\/\/www.esosport.it\/wp-content\/uploads\/2019\/04\/Tursi-Fiab-600x422.jpg 600w, https:\/\/www.esosport.it\/wp-content\/uploads\/2019\/04\/Tursi-Fiab.jpg 640w\" sizes=\"auto, (max-width: 300px) 100vw, 300px\" \/>Cyklen? &#8220;Det er det mest effektive v\u00e6rkt\u00f8j, m\u00e5ske det eneste, til at forbedre bymilj\u00f8et og im\u00f8dekomme den globale milj\u00f8udfordring&#8221;. De f\u00f8rste ord fra <strong>Alessandro Tursi<\/strong>, der i den forgangne weekend i Verona blev valgt som <strong>ny pr\u00e6sident for Fiab<\/strong>, begrunder den lille, epokeg\u00f8rende \u00e6ndring af Forbundets &#8216;form\u00e5l&#8217; (187 foreninger spredt over hele Italien, 18.300 medlemmer i konstant v\u00e6kst), som blev godkendt p\u00e5 generalforsamlingen: fra Federazione Italiana Amici della Bicicletta til <strong>Federazione Italiana Ambiente e Bicicletta<\/strong>.  <\/p>\n<p>En \u00e6ndring, der 30 \u00e5r efter Forbundets grundl\u00e6ggelse bringer formen i overensstemmelse med indholdet: for faktisk har Fiab fra starten kendetegnet sig f\u00f8rst og fremmest som en milj\u00f8organisation, en stadig mere anerkendt og respekteret samtalepartner om emner som b\u00e6redygtig mobilitet og milj\u00f8kvalitet (i vores bycentre og i det italienske landskab) b\u00e5de over for ministeriet og de lokale myndigheder. (I parentes bem\u00e6rket optr\u00e6der ordet &#8216;milj\u00f8&#8217; med samme bevidsthed fra f\u00f8dslen \u2013 \u00e5r 2011 \u2013 i vores BC&#8217;s titel, det magasin der er Fiabs officielle organ). <\/p>\n<p>P\u00e5 Fiabs generalforsamling var det <strong>Giulietta Pagliaccios<\/strong> opgave som afg\u00e5ende pr\u00e6sident (i det fornyede nationale r\u00e5d vil hun besk\u00e6ftige sig med advocacy) at tr\u00e6kke en status over tre mandatperioder fyldt med engagement og resultater: fra den nationale rammelov for cykelinfrastruktur, som dybtg\u00e5ende har \u00e6ndret tilgangen til emnet ogs\u00e5 hos de mindre overbeviste offentlige administratorer, til anerkendelsen af arbejdsskader p\u00e5 vej til arbejde for cyklister, et grundl\u00e6ggende skridt for udviklingen af BikeToWork, og finansieringen af <strong>Netv\u00e6rket af Italienske Turistcykelruter<\/strong>, som er en del af Bicitalia-netv\u00e6rket, der officielt blev pr\u00e6senteret af Fiab i 2000.<\/p>\n<p>Den nyvalgte pr\u00e6sident Tursi, byplanl\u00e6gger med arkitektuddannelse og doktorgrad i ingeni\u00f8rvidenskab, kommer til posten med styrke fra den internationale \u00e5benhed opn\u00e5et som n\u00e6stformand i ECF, European Cyclists&#8217; Federation, og succesen med prisen <a href=\"http:\/\/www.comuniciclabili.it\/\" target=\"_blank\" rel=\"noopener noreferrer\">Fiab ComuniCiclabili<\/a>, der tildeler de gule flag for cykelvenlig infrastruktur til italienske kommuner (opt\u00e6llingen blev opdateret netop i Verona: 117 kommuner har opn\u00e5et anerkendelsen). &#8220;Der venter os&#8221;, har Tursi udtalt, &#8220;tre intense \u00e5r, for det der skal g\u00f8res for milj\u00f8et gennem cykelmobilitet, det g\u00f8r enten vi, eller ogs\u00e5 g\u00f8r ingen det&#8221;. Og han fortsatte i sin f\u00f8rste tale som nyvalgt med at dv\u00e6le ved nogle af de kommende udfordringer, der venter Forbundet: udviklingen af cykelinfrastruktur i Syditalien, &#8220;hvor de f\u00f8rste opmuntrende resultater begynder at vise sig&#8221;, og konstant opm\u00e6rksomhed p\u00e5 parlamentarisk og regeringsniveau om love og finansiering.  <\/p>\n<p>&nbsp;<\/p>\n<p>Kilde: <a href=\"https:\/\/www.rivistabc.com\/la-bici-e-il-mezzo-lambiente-il-fine-tursi-neo-presidente-della-fiab-del-futuro\/\" target=\"_blank\" rel=\"noopener noreferrer\">Magasinet BC<\/a>, 16. april 2019<\/p>\n<\/div>\n","protected":false},"excerpt":{"rendered":"<p>Cyklen? &#8220;Det er det mest effektive v\u00e6rkt\u00f8j, m\u00e5ske &hellip;<\/p>\n","protected":false},"author":4,"featured_media":12327,"comment_status":"closed","ping_status":"closed","sticky":false,"template":"","format":"standard","meta":{"_acf_changed":false,"footnotes":""},"categories":[294],"tags":[],"class_list":["post-12325","post","type-post","status-publish","format-standard","has-post-thumbnail","hentry","category-news-da"],"acf":[],"_links":{"self":[{"href":"https:\/\/www.esosport.it\/da\/wp-json\/wp\/v2\/posts\/12325","targetHints":{"allow":["GET"]}}],"collection":[{"href":"https:\/\/www.esosport.it\/da\/wp-json\/wp\/v2\/posts"}],"about":[{"href":"https:\/\/www.esosport.it\/da\/wp-json\/wp\/v2\/types\/post"}],"author":[{"embeddable":true,"href":"https:\/\/www.esosport.it\/da\/wp-json\/wp\/v2\/users\/4"}],"replies":[{"embeddable":true,"href":"https:\/\/www.esosport.it\/da\/wp-json\/wp\/v2\/comments?post=12325"}],"version-history":[{"count":0,"href":"https:\/\/www.esosport.it\/da\/wp-json\/wp\/v2\/posts\/12325\/revisions"}],"wp:featuredmedia":[{"embeddable":true,"href":"https:\/\/www.esosport.it\/da\/wp-json\/wp\/v2\/media\/12327"}],"wp:attachment":[{"href":"https:\/\/www.esosport.it\/da\/wp-json\/wp\/v2\/media?parent=12325"}],"wp:term":[{"taxonomy":"category","embeddable":true,"href":"https:\/\/www.esosport.it\/da\/wp-json\/wp\/v2\/categories?post=12325"},{"taxonomy":"post_tag","embeddable":true,"href":"https:\/\/www.esosport.it\/da\/wp-json\/wp\/v2\/tags?post=12325"}],"curies":[{"name":"wp","href":"https:\/\/api.w.org\/{rel}","templated":true}]}}