{"id":12331,"date":"2020-08-25T11:26:44","date_gmt":"2020-08-25T09:26:44","guid":{"rendered":"https:\/\/www.esosport.it\/italian-bike-festival-den-vigtigste-italienske-begivenhed-dedikeret-til-cykelindustrien-og-tohjulede-entusiaster-venter-paa-dig-i-parco-fellini-i-rimini-fra-den-11-til-den-13-september\/"},"modified":"2026-03-17T10:17:35","modified_gmt":"2026-03-17T09:17:35","slug":"italian-bike-festival-den-vigtigste-italienske-begivenhed-dedikeret-til-cykelindustrien-og-tohjulede-entusiaster-venter-paa-dig-i-parco-fellini-i-rimini-fra-den-11-til-den-13-september","status":"publish","type":"post","link":"https:\/\/www.esosport.it\/da\/italian-bike-festival-den-vigtigste-italienske-begivenhed-dedikeret-til-cykelindustrien-og-tohjulede-entusiaster-venter-paa-dig-i-parco-fellini-i-rimini-fra-den-11-til-den-13-september\/","title":{"rendered":"Italian Bike Festival, den vigtigste italienske begivenhed dedikeret til cykelindustrien og tohjulede entusiaster, venter p\u00e5 dig i Parco Fellini i Rimini fra den 11. til den 13. september."},"content":{"rendered":"<p>Der er lidt over en m\u00e5ned til den tredje udgave af Italian Bike Festival: Efter m\u00e5neder med usikkerhed bliver byen Rimini igen Italiens cykelhovedstad.<\/p>\n<p>Udstillingsomr\u00e5det p\u00e5 over 45.000 m2, som endnu en gang vil omfatte Parco Fellini og den foranliggende strandpromenade, vil huse over 300 brands fra cykelverdenen, tilbeh\u00f8r og bekl\u00e6dning, og vil byde velkommen til langt over 40.000 tilskuere i l\u00f8bet af de tre dage.<\/p>\n<p>Omdrejningspunktet for arrangementet, der er skabt i samarbejde med Rimini Kommune, APT Servizi Emilia Romagna og Visit Romagna, vil endnu en gang v\u00e6re testomr\u00e5det. Rundk\u00f8rslen ved Parco Fellini vil blive omdannet til den ikoniske og adrenalinfyldte off-road bane, hvor man kan teste MTB og eMTB, mens Road bikes, Urban Bikes og eBikes kan pr\u00f8ves p\u00e5 de dertil markerede ruter.<\/p>\n<p>Bike Tourism Village vender ogs\u00e5 tilbage: Et omr\u00e5de dedikeret til cykelturisme, hvor organisationer, regioner, kommuner, cykelhoteller og specialiserede rejsearrang\u00f8rer f\u00e5r mulighed for at pr\u00e6sentere deres tilbud til den aktive ferieverden for slutforbrugeren.<\/p>\n<p>De vigtigste hovedpersoner fra italiensk og international cykelhistorie vender ogs\u00e5 tilbage til Italian Bike Festival. Sportsfolk af format som Mario Cipollini, Alessandro Petacchi, Gilberto Simoni, Damiano Cunego, Alessandro Ballan, Davide Cassani, Marco Aurelio Fontana og Davide Uccellari.<\/p>\n<p><strong>esosport bike vil v\u00e6re Green Partner ved arrangementet<\/strong>. En pavillon vil huse projektet for indsamling og genanvendelse af cykelslanger og d\u00e6k, der er bestemt til at blive til sekund\u00e6re r\u00e5materialer, som kan bruges til at drive non-profit projekter som Giardino di Betty og La Pista di Pietro.<\/p>\n<p><em>Som altid vil der v\u00e6re gratis adgang til den over 45.000 m2 store expo village. I forhold til de to f\u00f8rste udgaver af begivenheden vil det v\u00e6re n\u00f8dvendigt at foretage en gratis online-registrering og m\u00f8de op ved indgangene med din tilmeldingsbekr\u00e6ftelse. Dette er for at kunne garantere publikum tre dages fest i total sikkerhed, uden risiko for t\u00e6tte forsamlinger og i overensstemmelse med social distancering.<\/em><\/p>\n<p>N\u00e5r registreringen er gennemf\u00f8rt, skal du blot m\u00f8de op med din billet for at f\u00e5 adgang til begivenheden.<\/p>\n<p><em>Link til tilmelding: <\/em><a href=\"https:\/\/bit.ly\/IBF20_Registrati\" target=\"_blank\" rel=\"noopener\"><em>https:\/\/bit.ly\/IBF20_Registrati<\/em><\/a><\/p>\n<p>For mere information om Italian Bike Festival: <a href=\"https:\/\/italianbikefestival.net\" target=\"_blank\" rel=\"noopener\">italianbikefestival.net<\/a><\/p>\n","protected":false},"excerpt":{"rendered":"<p>Der er lidt over en m\u00e5ned til den &hellip;<\/p>\n","protected":false},"author":8,"featured_media":12332,"comment_status":"closed","ping_status":"closed","sticky":false,"template":"","format":"standard","meta":{"_acf_changed":false,"footnotes":""},"categories":[294],"tags":[],"class_list":["post-12331","post","type-post","status-publish","format-standard","has-post-thumbnail","hentry","category-news-da"],"acf":[],"_links":{"self":[{"href":"https:\/\/www.esosport.it\/da\/wp-json\/wp\/v2\/posts\/12331","targetHints":{"allow":["GET"]}}],"collection":[{"href":"https:\/\/www.esosport.it\/da\/wp-json\/wp\/v2\/posts"}],"about":[{"href":"https:\/\/www.esosport.it\/da\/wp-json\/wp\/v2\/types\/post"}],"author":[{"embeddable":true,"href":"https:\/\/www.esosport.it\/da\/wp-json\/wp\/v2\/users\/8"}],"replies":[{"embeddable":true,"href":"https:\/\/www.esosport.it\/da\/wp-json\/wp\/v2\/comments?post=12331"}],"version-history":[{"count":1,"href":"https:\/\/www.esosport.it\/da\/wp-json\/wp\/v2\/posts\/12331\/revisions"}],"predecessor-version":[{"id":14404,"href":"https:\/\/www.esosport.it\/da\/wp-json\/wp\/v2\/posts\/12331\/revisions\/14404"}],"wp:featuredmedia":[{"embeddable":true,"href":"https:\/\/www.esosport.it\/da\/wp-json\/wp\/v2\/media\/12332"}],"wp:attachment":[{"href":"https:\/\/www.esosport.it\/da\/wp-json\/wp\/v2\/media?parent=12331"}],"wp:term":[{"taxonomy":"category","embeddable":true,"href":"https:\/\/www.esosport.it\/da\/wp-json\/wp\/v2\/categories?post=12331"},{"taxonomy":"post_tag","embeddable":true,"href":"https:\/\/www.esosport.it\/da\/wp-json\/wp\/v2\/tags?post=12331"}],"curies":[{"name":"wp","href":"https:\/\/api.w.org\/{rel}","templated":true}]}}